{"id":160,"date":"2018-04-05T11:57:16","date_gmt":"2018-04-05T11:57:16","guid":{"rendered":"http:\/\/maissimples.com\/WPTest\/?p=160"},"modified":"2018-04-05T11:57:16","modified_gmt":"2018-04-05T11:57:16","slug":"passeio-a-serra-da-estrela-tradicao-da-cultursol","status":"publish","type":"post","link":"https:\/\/cultursol.org\/?p=160","title":{"rendered":"Passeio \u00e0 Serra da Estrela: tradi\u00e7\u00e3o da CulturSOL"},"content":{"rendered":"\n<p>J\u00e1 h\u00e1 v\u00e1rios anos que o Passeio Comunit\u00e1rio com as fam\u00edlias \u00e0 Serra da Estrela \u00e9 muito vivido e participado.<\/p>\n\n\n\n<p>Muitas fam\u00edlias repetem o passeio de ano para ano mas temos sempre fam\u00edlias novas e que aderem muito bem ao ambiente que se cria de divers\u00e3o e partilha: este ano foram o Anilton, a Joana e a Vilma que acompanharam o passeio e \u00e9 isso mesmo que comprovam.&nbsp;At\u00e9 j\u00e1 h\u00e1 mais ideias e propostas para passeios, j\u00e1 h\u00e1 grupo e ficam felizes de se reencontrarem nestes dias. Foi no dia 17 de Fevereiro e o objetivo plenamente atingido: levar fam\u00edlias da comunidade a conhecer Portugal e que de outra forma n\u00e3o o poderiam fazer.<\/p>\n\n\n\n<p>Agradecemos a colabora\u00e7\u00e3o da CMC na ced\u00eancia do autocarro.<\/p>\n","protected":false},"excerpt":{"rendered":"<p>J\u00e1 h\u00e1 v\u00e1rios anos que o Passeio Comunit\u00e1rio com as fam\u00edlias \u00e0 Serra da Estrela \u00e9 muito vivido e participado. Muitas fam\u00edlias repetem o passeio de ano para ano mas temos sempre fam\u00edlias novas e que aderem muito bem ao ambiente que se cria de divers\u00e3o e partilha: este ano foram o Anilton, a Joana e a Vilma que acompanharam [&hellip;]<\/p>\n","protected":false},"author":1,"featured_media":161,"comment_status":"closed","ping_status":"open","sticky":false,"template":"","format":"standard","meta":{"footnotes":""},"categories":[2,4],"tags":[],"class_list":["post-160","post","type-post","status-publish","format-standard","has-post-thumbnail","hentry","category-cultura","category-intervencao-social"],"gutentor_comment":0,"_links":{"self":[{"href":"https:\/\/cultursol.org\/index.php?rest_route=\/wp\/v2\/posts\/160","targetHints":{"allow":["GET"]}}],"collection":[{"href":"https:\/\/cultursol.org\/index.php?rest_route=\/wp\/v2\/posts"}],"about":[{"href":"https:\/\/cultursol.org\/index.php?rest_route=\/wp\/v2\/types\/post"}],"author":[{"embeddable":true,"href":"https:\/\/cultursol.org\/index.php?rest_route=\/wp\/v2\/users\/1"}],"replies":[{"embeddable":true,"href":"https:\/\/cultursol.org\/index.php?rest_route=%2Fwp%2Fv2%2Fcomments&post=160"}],"version-history":[{"count":0,"href":"https:\/\/cultursol.org\/index.php?rest_route=\/wp\/v2\/posts\/160\/revisions"}],"wp:featuredmedia":[{"embeddable":true,"href":"https:\/\/cultursol.org\/index.php?rest_route=\/wp\/v2\/media\/161"}],"wp:attachment":[{"href":"https:\/\/cultursol.org\/index.php?rest_route=%2Fwp%2Fv2%2Fmedia&parent=160"}],"wp:term":[{"taxonomy":"category","embeddable":true,"href":"https:\/\/cultursol.org\/index.php?rest_route=%2Fwp%2Fv2%2Fcategories&post=160"},{"taxonomy":"post_tag","embeddable":true,"href":"https:\/\/cultursol.org\/index.php?rest_route=%2Fwp%2Fv2%2Ftags&post=160"}],"curies":[{"name":"wp","href":"https:\/\/api.w.org\/{rel}","templated":true}]}}