{"id":163,"date":"2018-03-31T11:58:47","date_gmt":"2018-03-31T11:58:47","guid":{"rendered":"http:\/\/maissimples.com\/WPTest\/?p=163"},"modified":"2018-03-31T11:58:47","modified_gmt":"2018-03-31T11:58:47","slug":"espetaculo-a-volta-do-presepio","status":"publish","type":"post","link":"https:\/\/cultursol.org\/?p=163","title":{"rendered":"Espet\u00e1culo \u201c\u00c0 Volta do Pres\u00e9pio\u201d"},"content":{"rendered":"\n<p>Foi no dia 2 de Dezembro no CCC e como j\u00e1 vem sendo uma tradi\u00e7\u00e3o abrimos o espet\u00e1culo com os meninos da Adroana a cantar ao Menino Jesus, que este ano foi o Kevin, o filho do Dico.<\/p>\n\n\n\n<p>Desta vez a apresentadora foi a In\u00eas e foi uma boa estreia. Seguiram-se os escuteiros da Parede com a can\u00e7\u00e3o que ser\u00e3o eles a gravar no CD \u201cSons de um caminho\u201d: \u2018\u00c9 t\u00e3o simples o amor\u2019.<\/p>\n\n\n\n<p>Depois do intervalo e de termos lan\u00e7ado os Pres\u00e9pios Pinhal, seguiram-se os amigos do Elton com m\u00fasica Caboverdeana. O espet\u00e1culo acabou com a atua\u00e7\u00e3o do c\u00f4ro da Escola 31 de Janeiro que mais uma vez trouxe muita alegria e qualidade.<\/p>\n\n\n\n<p>\u00c9 importante conseguirmos alguma verba para fazer face aos projetos sociais que desenvolvemos mas o mais importante mesmo \u00e9 os artistas que sobem ao palco e a energia que se cria durante a tarde.<\/p>\n","protected":false},"excerpt":{"rendered":"<p>Foi no dia 2 de Dezembro no CCC e como j\u00e1 vem sendo uma tradi\u00e7\u00e3o abrimos o espet\u00e1culo com os meninos da Adroana a cantar ao Menino Jesus, que este ano foi o Kevin, o filho do Dico. Desta vez a apresentadora foi a In\u00eas e foi uma boa estreia. Seguiram-se os escuteiros da Parede com a can\u00e7\u00e3o que ser\u00e3o [&hellip;]<\/p>\n","protected":false},"author":1,"featured_media":164,"comment_status":"closed","ping_status":"open","sticky":false,"template":"","format":"standard","meta":{"footnotes":""},"categories":[2],"tags":[],"class_list":["post-163","post","type-post","status-publish","format-standard","has-post-thumbnail","hentry","category-cultura"],"gutentor_comment":0,"_links":{"self":[{"href":"https:\/\/cultursol.org\/index.php?rest_route=\/wp\/v2\/posts\/163","targetHints":{"allow":["GET"]}}],"collection":[{"href":"https:\/\/cultursol.org\/index.php?rest_route=\/wp\/v2\/posts"}],"about":[{"href":"https:\/\/cultursol.org\/index.php?rest_route=\/wp\/v2\/types\/post"}],"author":[{"embeddable":true,"href":"https:\/\/cultursol.org\/index.php?rest_route=\/wp\/v2\/users\/1"}],"replies":[{"embeddable":true,"href":"https:\/\/cultursol.org\/index.php?rest_route=%2Fwp%2Fv2%2Fcomments&post=163"}],"version-history":[{"count":0,"href":"https:\/\/cultursol.org\/index.php?rest_route=\/wp\/v2\/posts\/163\/revisions"}],"wp:featuredmedia":[{"embeddable":true,"href":"https:\/\/cultursol.org\/index.php?rest_route=\/wp\/v2\/media\/164"}],"wp:attachment":[{"href":"https:\/\/cultursol.org\/index.php?rest_route=%2Fwp%2Fv2%2Fmedia&parent=163"}],"wp:term":[{"taxonomy":"category","embeddable":true,"href":"https:\/\/cultursol.org\/index.php?rest_route=%2Fwp%2Fv2%2Fcategories&post=163"},{"taxonomy":"post_tag","embeddable":true,"href":"https:\/\/cultursol.org\/index.php?rest_route=%2Fwp%2Fv2%2Ftags&post=163"}],"curies":[{"name":"wp","href":"https:\/\/api.w.org\/{rel}","templated":true}]}}