{"id":166,"date":"2018-03-25T11:59:49","date_gmt":"2018-03-25T11:59:49","guid":{"rendered":"http:\/\/maissimples.com\/WPTest\/?p=166"},"modified":"2018-03-25T11:59:49","modified_gmt":"2018-03-25T11:59:49","slug":"formacao-antonio-ecra","status":"publish","type":"post","link":"https:\/\/cultursol.org\/?p=166","title":{"rendered":"Forma\u00e7\u00e3o Ant\u00f3nio ECRA"},"content":{"rendered":"\n<p>O Ant\u00f3nio \u00e9 o respons\u00e1vel pelas salas de ATL no ECRA (Espa\u00e7o Comunit\u00e1rio Ribeira Afonso) em S. Tom\u00e9 e Pr\u00edncipe. O Ant\u00f3nio veio a nosso convite a Portugal durante o m\u00eas de Novembro para est\u00e1gio e forma\u00e7\u00e3o em institui\u00e7\u00f5es nossas parceiras. \u00c9 a forma mais enriquecedora de forma\u00e7\u00e3o: ele vem, regista e \u201cleva\u201d tudo o que possa fazer sentido na realidade de Ribeira Afonso fazendo as devidas adapta\u00e7\u00f5es.&nbsp;O objetivo, para al\u00e9m da qualifica\u00e7\u00e3o que o Ant\u00f3nio fez ao trabalho que desenvolve, \u00e9 o poder, l\u00e1 em S. Tom\u00e9, \u201cconvencer\u201d o Minist\u00e9rio da Educa\u00e7\u00e3o ou da Juventude da import\u00e2ncia de um ATL na vida das crian\u00e7as e jovens. O Ant\u00f3nio nunca tinha sa\u00eddo de S. Tom\u00e9 e por isso tamb\u00e9m foi uma grande alegria poder passear e proporcionar tudo o que foi poss\u00edvel: conhecer Cascais, Lisboa, Sintra e F\u00e1tima, cinema, jantar em restaurante, shoppings, visita a pal\u00e1cio, etc; e tamb\u00e9m provar outros sabores.<\/p>\n\n\n\n<p>Em termos de forma\u00e7\u00e3o o Ant\u00f3nio esteve na Escola 31 de Janeiro, Ludoteca da Galiza, Centro Social Nossa Senhora de Porto Salvo e Klub+ da CVP. Teve ainda forma\u00e7\u00e3o nas \u00e1reas de: Gest\u00e3o e Dinamiza\u00e7\u00e3o de Tempos Livres, Sucesso Escolar, Sustentabilidade, Atividades Comunit\u00e1rias. Recebeu o diploma nos Pa\u00e7os do Concelho pelas m\u00e3os da Dra. Maria do C\u00e9u, adjunta do Presidente com o pelouro das Rela\u00e7\u00f5es Internacionais.<\/p>\n\n\n\n<p>O Ant\u00f3nio voltou a Ribeira Afonso com o compromisso de muito trabalho e entrega. Por c\u00e1 ficamos a torcer pelo ATL do ECRA.<\/p>\n\n\n\n<p>Fica um agradecimento especial \u00e0 CMC pelo alojamento do Ant\u00f3nio na Funda\u00e7\u00e3o O S\u00e9culo e a rece\u00e7\u00e3o nos Pa\u00e7os do Concelho. Agradecemos tamb\u00e9m e muito a todos os nossos parceiros que mais uma vez receberam os nossos Africanos: Escola 31 de Janeiro, Ludoteca da Galiza e Klub+ da CVP. Obrigado tamb\u00e9m ao CSNS Porto Salvo que pela 1\u00aa vez recebeu um formando nosso.<\/p>\n","protected":false},"excerpt":{"rendered":"<p>O Ant\u00f3nio \u00e9 o respons\u00e1vel pelas salas de ATL no ECRA (Espa\u00e7o Comunit\u00e1rio Ribeira Afonso) em S. Tom\u00e9 e Pr\u00edncipe. O Ant\u00f3nio veio a nosso convite a Portugal durante o m\u00eas de Novembro para est\u00e1gio e forma\u00e7\u00e3o em institui\u00e7\u00f5es nossas parceiras. \u00c9 a forma mais enriquecedora de forma\u00e7\u00e3o: ele vem, regista e \u201cleva\u201d tudo o que possa fazer sentido na [&hellip;]<\/p>\n","protected":false},"author":1,"featured_media":167,"comment_status":"closed","ping_status":"open","sticky":false,"template":"","format":"standard","meta":{"footnotes":""},"categories":[3],"tags":[7],"class_list":["post-166","post","type-post","status-publish","format-standard","has-post-thumbnail","hentry","category-formacao","tag-s-tome-e-principe"],"gutentor_comment":0,"_links":{"self":[{"href":"https:\/\/cultursol.org\/index.php?rest_route=\/wp\/v2\/posts\/166","targetHints":{"allow":["GET"]}}],"collection":[{"href":"https:\/\/cultursol.org\/index.php?rest_route=\/wp\/v2\/posts"}],"about":[{"href":"https:\/\/cultursol.org\/index.php?rest_route=\/wp\/v2\/types\/post"}],"author":[{"embeddable":true,"href":"https:\/\/cultursol.org\/index.php?rest_route=\/wp\/v2\/users\/1"}],"replies":[{"embeddable":true,"href":"https:\/\/cultursol.org\/index.php?rest_route=%2Fwp%2Fv2%2Fcomments&post=166"}],"version-history":[{"count":0,"href":"https:\/\/cultursol.org\/index.php?rest_route=\/wp\/v2\/posts\/166\/revisions"}],"wp:featuredmedia":[{"embeddable":true,"href":"https:\/\/cultursol.org\/index.php?rest_route=\/wp\/v2\/media\/167"}],"wp:attachment":[{"href":"https:\/\/cultursol.org\/index.php?rest_route=%2Fwp%2Fv2%2Fmedia&parent=166"}],"wp:term":[{"taxonomy":"category","embeddable":true,"href":"https:\/\/cultursol.org\/index.php?rest_route=%2Fwp%2Fv2%2Fcategories&post=166"},{"taxonomy":"post_tag","embeddable":true,"href":"https:\/\/cultursol.org\/index.php?rest_route=%2Fwp%2Fv2%2Ftags&post=166"}],"curies":[{"name":"wp","href":"https:\/\/api.w.org\/{rel}","templated":true}]}}