{"id":184,"date":"2017-04-08T12:07:49","date_gmt":"2017-04-08T12:07:49","guid":{"rendered":"http:\/\/maissimples.com\/WPTest\/?p=184"},"modified":"2017-04-08T12:07:49","modified_gmt":"2017-04-08T12:07:49","slug":"espetaculo-cultursol","status":"publish","type":"post","link":"https:\/\/cultursol.org\/?p=184","title":{"rendered":"Espet\u00e1culo CulturSOL"},"content":{"rendered":"\n<p>Foi no dia 8 de abril, na Escola Secund\u00e1ria de S. Jo\u00e3o do Estoril, n\u00f3s e a Ludoteca da Galiza, nossa parceira desde sempre: j\u00e1 organizamos este espet\u00e1culo h\u00e1 7 anos.<\/p>\n\n\n\n<p>\u00c9 um dia em que as crian\u00e7as artistas oferecem a sua arte em favor de outras crian\u00e7as que vivem com mais dificuldades.<\/p>\n\n\n\n<p>Objetivo conseguido!&nbsp;Foi uma tarde muito animada e com muitas crian\u00e7as a correr de um lado para o outro.<\/p>\n\n\n\n<p>Da ludoteca vieram os Tamb\u00f3ra e da Adroana vieram crian\u00e7as para a banca de artesanato e para o bar.<\/p>\n\n\n\n<p>Como grupos convidados vieram o c\u00f4ro da escola 31 de Janeiro, tamb\u00e9m nossos parceiros, o ballet do Gimbr e as estrelinhas: um grupo grande e com dan\u00e7as muito variadas. Qualquer um dos grupos subiu ao palco com muita alegria e muita qualidade, foi uma tarde muito divertida.<\/p>\n\n\n\n<p>Agradecemos a todos as crian\u00e7as que atuaram, a todos os pais que os acompanharam e participaram e aos professores de todos eles.<\/p>\n\n\n\n<p>Tamb\u00e9m \u00e0 Sacolinha pelo lanche dos artistas e \u00e0 Escola Secund\u00e1ria de S. Jo\u00e3o do Estoril.<\/p>\n\n\n\n<p>At\u00e9 para o ano\u2026<\/p>\n\n\n\n<p>Veja o cartaz&nbsp;<a href=\"https:\/\/goo.gl\/photos\/uwviM588VLDnvg3G7\" target=\"_blank\" rel=\"noreferrer noopener\">aqui<\/a>.<\/p>\n","protected":false},"excerpt":{"rendered":"<p>Foi no dia 8 de abril, na Escola Secund\u00e1ria de S. Jo\u00e3o do Estoril, n\u00f3s e a Ludoteca da Galiza, nossa parceira desde sempre: j\u00e1 organizamos este espet\u00e1culo h\u00e1 7 anos. \u00c9 um dia em que as crian\u00e7as artistas oferecem a sua arte em favor de outras crian\u00e7as que vivem com mais dificuldades. Objetivo conseguido!&nbsp;Foi uma tarde muito animada e [&hellip;]<\/p>\n","protected":false},"author":1,"featured_media":185,"comment_status":"closed","ping_status":"open","sticky":false,"template":"","format":"standard","meta":{"footnotes":""},"categories":[2,4],"tags":[],"class_list":["post-184","post","type-post","status-publish","format-standard","has-post-thumbnail","hentry","category-cultura","category-intervencao-social"],"gutentor_comment":0,"_links":{"self":[{"href":"https:\/\/cultursol.org\/index.php?rest_route=\/wp\/v2\/posts\/184","targetHints":{"allow":["GET"]}}],"collection":[{"href":"https:\/\/cultursol.org\/index.php?rest_route=\/wp\/v2\/posts"}],"about":[{"href":"https:\/\/cultursol.org\/index.php?rest_route=\/wp\/v2\/types\/post"}],"author":[{"embeddable":true,"href":"https:\/\/cultursol.org\/index.php?rest_route=\/wp\/v2\/users\/1"}],"replies":[{"embeddable":true,"href":"https:\/\/cultursol.org\/index.php?rest_route=%2Fwp%2Fv2%2Fcomments&post=184"}],"version-history":[{"count":0,"href":"https:\/\/cultursol.org\/index.php?rest_route=\/wp\/v2\/posts\/184\/revisions"}],"wp:featuredmedia":[{"embeddable":true,"href":"https:\/\/cultursol.org\/index.php?rest_route=\/wp\/v2\/media\/185"}],"wp:attachment":[{"href":"https:\/\/cultursol.org\/index.php?rest_route=%2Fwp%2Fv2%2Fmedia&parent=184"}],"wp:term":[{"taxonomy":"category","embeddable":true,"href":"https:\/\/cultursol.org\/index.php?rest_route=%2Fwp%2Fv2%2Fcategories&post=184"},{"taxonomy":"post_tag","embeddable":true,"href":"https:\/\/cultursol.org\/index.php?rest_route=%2Fwp%2Fv2%2Ftags&post=184"}],"curies":[{"name":"wp","href":"https:\/\/api.w.org\/{rel}","templated":true}]}}